{"id":2066,"date":"2018-03-29T19:43:36","date_gmt":"2018-03-30T00:43:36","guid":{"rendered":"http:\/\/my.vanderbilt.edu\/williamfranke\/?p=2066"},"modified":"2018-03-30T10:41:45","modified_gmt":"2018-03-30T15:41:45","slug":"cerisy-colloquium-with-francois-jullien","status":"publish","type":"post","link":"https:\/\/my.vanderbilt.edu\/williamfranke\/2018\/03\/cerisy-colloquium-with-francois-jullien\/","title":{"rendered":"CERISY colloquium &#8211; with Fran\u00e7ois Jullien"},"content":{"rendered":"<h2>CERISY Colloquium on Fran\u00e7ois Jullien, Cerisy-la-Salle (France)<\/h2>\n<p><a href=\"http:\/\/www.ccic-cerisy.asso.fr\/jullien13.html\">Des Possibles de la pens\u00e9e: Autour des travaux de Fran\u00e7ois Jullien<\/a>September 14-21, 2013<\/p>\n<p class=\"post-title title\"><a class=\"permalink\" title=\"Colloque de Cerisy organis\u00e9 avec le soutien de la chaire \" href=\"http:\/\/www.sofeth.com\/article-des-possibles-de-la-pensee-l-itineraire-philosophique-de-fran-ois-jullien-119905499.html\">Des possibles de la pens\u00e9e, L\u2019itin\u00e9raire philosophique de Fran\u00e7ois Jullien <\/a><\/p>\n<p><a href=\"https:\/\/cdn.vanderbilt.edu\/t2-my\/my-prd\/wp-content\/uploads\/sites\/470\/2014\/03\/Prsentation.doc\">Prospectus<\/a><br \/>\n<a href=\"http:\/\/media.blogs.la-croix.com\/francois-jullien-chemin-faisant-suite\/2013\/09\/23\/\">ProgrammeReportage by Daniel Bougnoux<\/a>,\u00a0<a href=\"http:\/\/media.blogs.la-croix.com\/francois-jullien-chemin-faisant-suite\/2013\/09\/23\/\">La Croix<\/a><\/p>\n<p>Debating with Fran\u00e7ois Jullien (left), Fabian Heubel (right):<\/p>\n<p><a href=\"https:\/\/cdn.vanderbilt.edu\/t2-my\/my-prd\/wp-content\/uploads\/sites\/470\/2012\/02\/100_5472.jpg\"><img loading=\"lazy\" decoding=\"async\" class=\"size-medium wp-image-296 aligncenter\" src=\"https:\/\/cdn.vanderbilt.edu\/t2-my\/my-prd\/wp-content\/uploads\/sites\/470\/2012\/02\/100_5472-300x225.jpg\" alt=\"\" width=\"350\" height=\"270\" \/><\/a><\/p>\n","protected":false},"excerpt":{"rendered":"<p>CERISY Colloquium on Fran\u00e7ois Jullien, Cerisy-la-Salle (France) Des Possibles de la pens\u00e9e: Autour des travaux de Fran\u00e7ois JullienSeptember 14-21, 2013 Des possibles de la pens\u00e9e, L\u2019itin\u00e9raire philosophique de Fran\u00e7ois Jullien Prospectus ProgrammeReportage by Daniel Bougnoux,\u00a0La Croix Debating with Fran\u00e7ois Jullien (left), Fabian Heubel (right):<\/p>\n","protected":false},"author":615,"featured_media":0,"comment_status":"closed","ping_status":"closed","sticky":false,"template":"","format":"standard","meta":{"footnotes":""},"categories":[1],"tags":[],"class_list":["post-2066","post","type-post","status-publish","format-standard","hentry","category-news"],"_links":{"self":[{"href":"https:\/\/my.vanderbilt.edu\/williamfranke\/wp-json\/wp\/v2\/posts\/2066","targetHints":{"allow":["GET"]}}],"collection":[{"href":"https:\/\/my.vanderbilt.edu\/williamfranke\/wp-json\/wp\/v2\/posts"}],"about":[{"href":"https:\/\/my.vanderbilt.edu\/williamfranke\/wp-json\/wp\/v2\/types\/post"}],"author":[{"embeddable":true,"href":"https:\/\/my.vanderbilt.edu\/williamfranke\/wp-json\/wp\/v2\/users\/615"}],"replies":[{"embeddable":true,"href":"https:\/\/my.vanderbilt.edu\/williamfranke\/wp-json\/wp\/v2\/comments?post=2066"}],"version-history":[{"count":3,"href":"https:\/\/my.vanderbilt.edu\/williamfranke\/wp-json\/wp\/v2\/posts\/2066\/revisions"}],"predecessor-version":[{"id":2100,"href":"https:\/\/my.vanderbilt.edu\/williamfranke\/wp-json\/wp\/v2\/posts\/2066\/revisions\/2100"}],"wp:attachment":[{"href":"https:\/\/my.vanderbilt.edu\/williamfranke\/wp-json\/wp\/v2\/media?parent=2066"}],"wp:term":[{"taxonomy":"category","embeddable":true,"href":"https:\/\/my.vanderbilt.edu\/williamfranke\/wp-json\/wp\/v2\/categories?post=2066"},{"taxonomy":"post_tag","embeddable":true,"href":"https:\/\/my.vanderbilt.edu\/williamfranke\/wp-json\/wp\/v2\/tags?post=2066"}],"curies":[{"name":"wp","href":"https:\/\/api.w.org\/{rel}","templated":true}]}}